{"id":839,"date":"2021-09-08T17:04:35","date_gmt":"2021-09-08T15:04:35","guid":{"rendered":"https:\/\/merceyoga.wordpress.com\/?p=839"},"modified":"2021-09-08T17:04:35","modified_gmt":"2021-09-08T15:04:35","slug":"sobre-el-vacio","status":"publish","type":"post","link":"https:\/\/merceyoga.com\/?p=839","title":{"rendered":"Sobre el vac\u00edo"},"content":{"rendered":"\n<p>Reflexionando sobre la ense\u00f1anza del vac\u00edo, lo que el Budismo nos propone es que todos los objetos, situaciones, eventos carecen de sentido inherente. Es decir, se encuentran vac\u00edos de significado propio. As\u00ed, obtienen el sentido que le observadore le da, a partir de su experiencia, conocimiento, historia, perspectiva, situaci\u00f3n, contexto, etc.<\/p>\n\n\n\n<p>Es decir, que todo es vac\u00edo hasta que se le da un sentido y tal sentido tambi\u00e9n es relativo a cada momento y a cada quien, por lo que no hay un \u00fanico sentido que defina de forma absoluta al objeto de observaci\u00f3n.<\/p>\n\n\n\n<p>La realidad creada es resultado de un proceso ilusorio de la mente, no es una verdad absoluta, es relativa. Considerar un sentido como absoluta verdad es una simple fantas\u00eda de la mente que observa y clasifica.<\/p>\n\n\n\n<p>Cuando consideramos el vac\u00edo como caracter\u00edstica del objeto de observaci\u00f3n, nos acercamos tambi\u00e9n al concepto del todo. Porque al estar libre de significado intr\u00ednseco, el objeto tiene la potencialidad de serlo todo.<\/p>\n\n\n\n<p>Cada identificaci\u00f3n, relaci\u00f3n, significado que se le brinde es real y fantas\u00eda\/ilusi\u00f3n al mismo tiempo. Est\u00e1 repleto y vac\u00edo de significado al mismo tiempo.<\/p>\n\n\n\n<p>Veamos el ejemplo de un \u00e1rbol. Para alguien significa sombra, para alguien le\u00f1a, para otre la aventura de escalarlo, para otre el miedo de caer de \u00e9l, para un perro ser\u00e1 un sitio donde hacer pis, para un bichito ser\u00e1 un espacio gigante donde encontrar comida, para un p\u00e1jaro ser\u00e1 refugio, para un pich\u00f3n que no vuela todav\u00eda ser\u00e1 todo su mundo, cuando despegue ser\u00e1 solo un sitio m\u00e1s de todos los \u00e1rboles del mundo. Tambi\u00e9n es ox\u00edgeno y absorci\u00f3n de carbono.<\/p>\n\n\n\n<p>Algo tan simple como un \u00e1rbol tiene tantas realidades como quien observe y le brinde&nbsp;significado en ese momento. Que quiz\u00e1 en otro momento, tambi\u00e9n sea otra la forma de ver y otro el significado brindado al mismo objeto.<\/p>\n\n\n\n<p>Si nos acercamos a esta forma de observaci\u00f3n, la pr\u00f3xima ocasi\u00f3n que veamos un \u00e1rbol, podremos ver que lo que nos significa a cada une de nosotres en ese momento es solo una de las infinitas posibilidades que el \u00e1rbol tiene per se.<\/p>\n\n\n\n<p>Lo mismo pasa con todo. Con absolutamente todo.<\/p>\n\n\n\n<p>Podemos profundizar y llevarlo a lo que suceda a nuestro alrededor e incluso, dentro de nosotros tambi\u00e9n. Vamos a nuestra mente. Si el objeto de observaci\u00f3n somos nosotres mismes, nuestra mente y somos testigues del proceso de dotar de significado a los propios pensamientos que cruzan por nuestra mente, tambi\u00e9n podemos ver como \u00e9stos son una fantas\u00eda creada a partir de nuestro entendimiento, experiencia, tendencia, situaci\u00f3n, momento. No es una verdad absoluta.<\/p>\n\n\n\n<p>Entonces, nosotros mismos y nuestra mente tiene la misma caracter\u00edstica de ser carente de sentido propio y al mismo tiempo, contar con la potencialidad de adquirir infinitos significados.<\/p>\n\n\n\n<p>A lo que nos lleva esto (y de la forma en que me gusta verlo para poder aplicarlo a la vida diaria) es que lo \u00fanico incorrecto es creer que nuestra forma de ver la vida es una verdad absoluta. Ni siquiera nuestros propios pensamientos y procesos internos, dado que todo est\u00e1 sujeto a diferentes e infinitas posibilidades de percepci\u00f3n tan v\u00e1lidas como esa que cre\u00edmos \u00fanica y absoluta.<\/p>\n\n\n\n<p>En la meditaci\u00f3n misma, tener presente que los pensamientos tambi\u00e9n son creaciones ilusorias de la mente nos invita a quitarles la relevancia que en ese momento nos distrae y busca retener la atenci\u00f3n. Si podemos ver que ese pensamiento distractivo es una fantas\u00eda creada por la mente, que tambi\u00e9n tiene la caracter\u00edstica de ser infinita y vac\u00eda, nos abrimos la posibilidad de apertura, de observaci\u00f3n sin apego, de contemplar quiz\u00e1 otros sentidos que sean v\u00e1lidos tambi\u00e9n.<\/p>\n\n\n\n<p>En la vida diaria, tener esto presente nos invita a comprender que cada una de las personas y espacios con los que interactuamos, tiene su propia percepci\u00f3n, forma de ver, experiencias y contexto que dotan de sentido al objeto de observaci\u00f3n y que es tan v\u00e1lida como las distintas formas de ver que podemos presentar nosotres tmb. Entonces, la conversaci\u00f3n de si compartimos o estamos de acuerdo con esa forma de ver carece de sentido al comprender que todas las formas de ver son tan v\u00e1lidas como ilusiones de nuestra mente.<\/p>\n\n\n\n<p>Si podemos obtener una conclusi\u00f3n es que toda percepci\u00f3n es v\u00e1lida y a la vez, tampoco deber\u00edamos atarnos a ninguna porque todas ellas provienen de una creaci\u00f3n de la mente que necesita ordenar el mundo para darle sentido, Al ser relativo, no es un sentido absoluto.<br><br>El vac\u00edo es forma y la forma es vac\u00edo.<\/p>\n\n\n\n<p><\/p>\n\n\n\n<p><\/p>\n","protected":false},"excerpt":{"rendered":"<p>Reflexionando sobre la ense\u00f1anza del vac\u00edo, lo que el Budismo nos propone es que todos los objetos, situaciones, eventos carecen de sentido inherente. Es decir, se encuentran vac\u00edos de significado propio. As\u00ed, obtienen el sentido que le observadore le da, a partir de su experiencia, conocimiento, historia, perspectiva, situaci\u00f3n, contexto, etc. Es decir, que todo [&hellip;]<\/p>\n","protected":false},"author":2,"featured_media":841,"comment_status":"open","ping_status":"open","sticky":false,"template":"","format":"standard","meta":{"footnotes":""},"categories":[2],"tags":[],"class_list":["post-839","post","type-post","status-publish","format-standard","has-post-thumbnail","hentry","category-sin-categoria"],"jetpack_featured_media_url":"https:\/\/i0.wp.com\/merceyoga.com\/wp-content\/uploads\/2021\/09\/rosadali.jpg?fit=800%2C1020&ssl=1","jetpack-related-posts":[{"id":844,"url":"https:\/\/merceyoga.com\/?p=844","url_meta":{"origin":839,"position":0},"title":"Rest &amp; Digest","date":"septiembre 27, 2021","format":false,"excerpt":"Existe una reacci\u00f3n en todxs nosotrxs que los cient\u00edficos llaman el instinto de \u201cFight & Fly\u201d o \u201cLucha & Hu\u00edda\u201d.\u00a0 El instinto son memorias grabadas en nuestro ADN que provienen de las experiencias anteriores, nos permitieron evolucionar y llegar hasta donde hoy llegamos como seres humanos.\u00a0 De este modo, al\u2026","rel":"","context":"En \u00abSin categor\u00eda\u00bb","img":{"alt_text":"","src":"https:\/\/i0.wp.com\/merceyoga.com\/wp-content\/uploads\/2022\/02\/img_20190510_165533-1-scaled.jpg?fit=1200%2C900&ssl=1&resize=350%2C200","width":350,"height":200},"classes":[]},{"id":765,"url":"https:\/\/merceyoga.com\/?p=765","url_meta":{"origin":839,"position":1},"title":"El Arte de la Felicidad #2 &#8211; Club de Lectura","date":"junio 22, 2021","format":false,"excerpt":"Si te sumaste en esta entrega y todav\u00eda no le\u00edste la anterior, te dejo el enlace a la Bienvenida al Club de Lectura e Introducci\u00f3n al libro El Arte de la Felicidad. Parte 1: El prop\u00f3sito de la vida Cap\u00edtulo 1: El derecho a la Felicidad Sin introducci\u00f3n alguna, este\u2026","rel":"","context":"En \u00abSin categor\u00eda\u00bb","img":{"alt_text":"","src":"https:\/\/i0.wp.com\/merceyoga.com\/wp-content\/uploads\/2021\/06\/whatsapp-image-2021-06-15-at-5.32.42-pm.jpeg?fit=720%2C788&ssl=1&resize=350%2C200","width":350,"height":200},"classes":[]},{"id":785,"url":"https:\/\/merceyoga.com\/?p=785","url_meta":{"origin":839,"position":2},"title":"Club de Lectura: El Arte de la Felicidad #5","date":"agosto 12, 2021","format":false,"excerpt":"Me tom\u00e9 unos d\u00edas de vacaciones en este caluroso verano para retomar, m\u00e1s convencida que nunca, en el compartir de esta lectura tan preciosa que nos regala formas de ver, de pensar y de crear la vida en este desafiante y fabuloso momento de la humanidad que nos toca vivir.\u00a0\u2026","rel":"","context":"En \u00abSin categor\u00eda\u00bb","img":{"alt_text":"","src":"https:\/\/i0.wp.com\/merceyoga.com\/wp-content\/uploads\/2021\/06\/whatsapp-image-2021-06-15-at-5.32.42-pm.jpeg?fit=720%2C788&ssl=1&resize=350%2C200","width":350,"height":200},"classes":[]},{"id":1481,"url":"https:\/\/merceyoga.com\/?p=1481","url_meta":{"origin":839,"position":3},"title":"Yoga y deporte son buenos aliados","date":"febrero 1, 2024","format":false,"excerpt":"La pr\u00e1ctica de deportes, entrenamientos y ejercicios con la pr\u00e1ctica de yoga son una gran combinaci\u00f3n, disciplinas aliadas que nos invitan a explorar la totalidad de nuestro potencial. Sea cu\u00e1l sea la actividad f\u00edsica que hagas, sumar a tu rutina la pr\u00e1ctica del yoga ser\u00e1 sumamente beneficiosa en muchos niveles,\u2026","rel":"","context":"En \u00abYOGA\u00bb","img":{"alt_text":"","src":"https:\/\/i0.wp.com\/merceyoga.com\/wp-content\/uploads\/2024\/02\/WhatsApp-Image-2024-02-02-at-5.42.54-PM.jpeg?fit=900%2C508&ssl=1&resize=350%2C200","width":350,"height":200},"classes":[]},{"id":666,"url":"https:\/\/merceyoga.com\/?p=666","url_meta":{"origin":839,"position":4},"title":"Sobre h\u00e1bitos, asanas, viajes y la vida misma&#8230;","date":"abril 12, 2021","format":false,"excerpt":"Ya sabemos que muches nos contamos el cuento de que no tenemos tiempo, que queremos todo para ayer, que la ansiedad esto o aquello, que queremos ver ya mismo los resultados, que queremos siempre llegar m\u00e1s r\u00e1pido, mas lejos, mas profundo sin siquiera prestar atenci\u00f3n a cu\u00e1l fue el camino\u2026","rel":"","context":"En \u00abSin categor\u00eda\u00bb","img":{"alt_text":"","src":"","width":0,"height":0},"classes":[]},{"id":773,"url":"https:\/\/merceyoga.com\/?p=773","url_meta":{"origin":839,"position":5},"title":"Club de Lectura: El Arte de la Felicidad #3","date":"julio 5, 2021","format":false,"excerpt":"Si te sumaste en esta entrega te dejo el enlace a la Bienvenida al Club de Lectura e Introducci\u00f3n al libro El Arte de la Felicidad para que puedas ir poni\u00e9ndote al d\u00eda. Si lo prefieres, en el canal de T\u00e9legram tienes la opci\u00f3n de escucharlo en audio.\u00a0 Cap\u00edtulo 2Las\u2026","rel":"","context":"En \u00abSin categor\u00eda\u00bb","img":{"alt_text":"","src":"https:\/\/i0.wp.com\/merceyoga.com\/wp-content\/uploads\/2021\/06\/whatsapp-image-2021-06-15-at-5.32.42-pm.jpeg?fit=720%2C788&ssl=1&resize=350%2C200","width":350,"height":200},"classes":[]}],"_links":{"self":[{"href":"https:\/\/merceyoga.com\/index.php?rest_route=\/wp\/v2\/posts\/839","targetHints":{"allow":["GET"]}}],"collection":[{"href":"https:\/\/merceyoga.com\/index.php?rest_route=\/wp\/v2\/posts"}],"about":[{"href":"https:\/\/merceyoga.com\/index.php?rest_route=\/wp\/v2\/types\/post"}],"author":[{"embeddable":true,"href":"https:\/\/merceyoga.com\/index.php?rest_route=\/wp\/v2\/users\/2"}],"replies":[{"embeddable":true,"href":"https:\/\/merceyoga.com\/index.php?rest_route=%2Fwp%2Fv2%2Fcomments&post=839"}],"version-history":[{"count":0,"href":"https:\/\/merceyoga.com\/index.php?rest_route=\/wp\/v2\/posts\/839\/revisions"}],"wp:featuredmedia":[{"embeddable":true,"href":"https:\/\/merceyoga.com\/index.php?rest_route=\/wp\/v2\/media\/841"}],"wp:attachment":[{"href":"https:\/\/merceyoga.com\/index.php?rest_route=%2Fwp%2Fv2%2Fmedia&parent=839"}],"wp:term":[{"taxonomy":"category","embeddable":true,"href":"https:\/\/merceyoga.com\/index.php?rest_route=%2Fwp%2Fv2%2Fcategories&post=839"},{"taxonomy":"post_tag","embeddable":true,"href":"https:\/\/merceyoga.com\/index.php?rest_route=%2Fwp%2Fv2%2Ftags&post=839"}],"curies":[{"name":"wp","href":"https:\/\/api.w.org\/{rel}","templated":true}]}}